{"id":23057,"date":"2014-02-10T20:16:47","date_gmt":"2014-02-10T18:16:47","guid":{"rendered":"http:\/\/veikot.kaustinen.fi\/2014\/moukarin-sm-talvikisat-lahestyvat\/"},"modified":"2014-02-10T20:16:47","modified_gmt":"2014-02-10T18:16:47","slug":"moukarin-sm-talvikisat-lahestyvat","status":"publish","type":"post","link":"https:\/\/veikot2.kaustinen.fi\/?p=23057","title":{"rendered":"Moukarin SM-talvikisat l\u00e4hestyv\u00e4t"},"content":{"rendered":"<p>Kaustisen Pohjan-Veikot j\u00e4rjest\u00e4\u00e4 moukarinheiton SM-talvikisat Nikulassa ensi viikon sunnuntaina 23.2.<\/p>\n<p>Klo 12.00 alkavissa kilpailuissa SM-mitaleista kamppailevat miehet, naiset, sek\u00e4 22-, 19- ja 17-vuotiaat miehet ja naiset.<\/p>\n<p>Klo 10.00 on kansallinen kilpailu, jossa sarjat l\u00f6ytyy 15-, 14- ja 13-vuotiaille tyt\u00f6ille ja pojille.<\/p>\n","protected":false},"excerpt":{"rendered":"<p>Kaustisen Pohjan-Veikot j\u00e4rjest\u00e4\u00e4 moukarinheiton SM-talvikisat Nikulassa ensi viikon sunnuntaina 23.2. Klo 12.00 alkavissa kilpailuissa SM-mitaleista kamppailevat miehet, naiset, sek\u00e4 22-, 19- ja 17-vuotiaat miehet ja naiset. Klo 10.00 on kansallinen kilpailu, jossa sarjat l\u00f6ytyy 15-, 14- ja 13-vuotiaille tyt\u00f6ille ja pojille.<\/p>\n","protected":false},"author":19,"featured_media":0,"comment_status":"open","ping_status":"open","sticky":false,"template":"","format":"standard","meta":{"footnotes":""},"categories":[603],"tags":[],"class_list":["post-23057","post","type-post","status-publish","format-standard","hentry","category-yleisurheilu"],"_links":{"self":[{"href":"https:\/\/veikot2.kaustinen.fi\/index.php?rest_route=\/wp\/v2\/posts\/23057","targetHints":{"allow":["GET"]}}],"collection":[{"href":"https:\/\/veikot2.kaustinen.fi\/index.php?rest_route=\/wp\/v2\/posts"}],"about":[{"href":"https:\/\/veikot2.kaustinen.fi\/index.php?rest_route=\/wp\/v2\/types\/post"}],"author":[{"embeddable":true,"href":"https:\/\/veikot2.kaustinen.fi\/index.php?rest_route=\/wp\/v2\/users\/19"}],"replies":[{"embeddable":true,"href":"https:\/\/veikot2.kaustinen.fi\/index.php?rest_route=%2Fwp%2Fv2%2Fcomments&post=23057"}],"version-history":[{"count":0,"href":"https:\/\/veikot2.kaustinen.fi\/index.php?rest_route=\/wp\/v2\/posts\/23057\/revisions"}],"wp:attachment":[{"href":"https:\/\/veikot2.kaustinen.fi\/index.php?rest_route=%2Fwp%2Fv2%2Fmedia&parent=23057"}],"wp:term":[{"taxonomy":"category","embeddable":true,"href":"https:\/\/veikot2.kaustinen.fi\/index.php?rest_route=%2Fwp%2Fv2%2Fcategories&post=23057"},{"taxonomy":"post_tag","embeddable":true,"href":"https:\/\/veikot2.kaustinen.fi\/index.php?rest_route=%2Fwp%2Fv2%2Ftags&post=23057"}],"curies":[{"name":"wp","href":"https:\/\/api.w.org\/{rel}","templated":true}]}}