{"id":23063,"date":"2014-02-14T18:45:59","date_gmt":"2014-02-14T16:45:59","guid":{"rendered":"http:\/\/veikot.kaustinen.fi\/2014\/yhdeksan-heittajaa-ylittanyt-70-metria\/"},"modified":"2014-02-14T18:45:59","modified_gmt":"2014-02-14T16:45:59","slug":"yhdeksan-heittajaa-ylittanyt-70-metria","status":"publish","type":"post","link":"https:\/\/veikot2.kaustinen.fi\/?p=23063","title":{"rendered":"Yhdeks\u00e4n heitt\u00e4j\u00e4\u00e4 ylitt\u00e4nyt 70 metri\u00e4"},"content":{"rendered":"<p>Kaustisella on moukarin talvimestaruuksista kilpailtu vuodesta 1998 l\u00e4htien. Kaikkien aikojen pisimm\u00e4n kaaren on heitt\u00e4nyt David S\u00f6derberg vuonna 2010.  <\/p>\n<p>Yhteens\u00e4 yhdeks\u00e4n heitt\u00e4j\u00e4\u00e4 on ylitt\u00e4nyt 70 metrin rajan.<\/p>\n<p>Kaikkien aikojen miesten tilasto:<\/p>\n<p>73,92 David S\u00f6derberg IF VOM 2010<br \/>72,30 Tuomas Sepp\u00e4nen Porin Pyrint\u00f6 2010<br \/>71,33 Samu-Petri Simo Jyv\u00e4skyl\u00e4n Kentt\u00e4urheilijat 2001<br \/>71,13 Dorian Collacu Kuortaneen Kunto 2005<br \/>70,98 Jarkko Paljakka Jaalan Voima 2005<br \/>70,88 Lasse Luotonen Porin Yleisurheilu 2008<br \/>70,52 Bergur Ingi Petursson Islanti 2008<br \/>70,42 Mikko Dannb\u00e4ck Espoon Tapiot 1999<br \/>70,14 Mats Gran\u00f6 Oulun Pyrint\u00f6 2012<br \/>69,21 Juha Kauppinen Kangasalan Kisa 2011<br \/>68,35 Joachim Koivu Esbo IF 2012<br \/>68,25 Kai R\u00e4s\u00e4nen Pyh\u00e4sel\u00e4n Urheilijat 2013<br \/>67,36 Olli-Pekka Karjalainen T\u00f6ys\u00e4n Veto 1998<br \/>66,80 Ilmari Venho Lappeenrannan Urheilumiehet 2001<br \/>66,76 Petri M\u00f6tt\u00f6l\u00e4 Karhulan Urheilijat 2010<br \/>66,43 Petri Rautio Alavieskan Viri 2007<\/p>\n","protected":false},"excerpt":{"rendered":"<p>Kaustisella on moukarin talvimestaruuksista kilpailtu vuodesta 1998 l\u00e4htien. Kaikkien aikojen pisimm\u00e4n kaaren on heitt\u00e4nyt David S\u00f6derberg vuonna 2010. Yhteens\u00e4 yhdeks\u00e4n heitt\u00e4j\u00e4\u00e4 on ylitt\u00e4nyt 70 metrin rajan. Kaikkien aikojen miesten tilasto: 73,92 David S\u00f6derberg IF VOM 201072,30 Tuomas Sepp\u00e4nen Porin Pyrint\u00f6 201071,33 Samu-Petri Simo Jyv\u00e4skyl\u00e4n Kentt\u00e4urheilijat 200171,13 Dorian Collacu Kuortaneen Kunto 200570,98 Jarkko Paljakka Jaalan Voima [&hellip;]<\/p>\n","protected":false},"author":19,"featured_media":0,"comment_status":"open","ping_status":"open","sticky":false,"template":"","format":"standard","meta":{"footnotes":""},"categories":[603],"tags":[],"class_list":["post-23063","post","type-post","status-publish","format-standard","hentry","category-yleisurheilu"],"_links":{"self":[{"href":"https:\/\/veikot2.kaustinen.fi\/index.php?rest_route=\/wp\/v2\/posts\/23063","targetHints":{"allow":["GET"]}}],"collection":[{"href":"https:\/\/veikot2.kaustinen.fi\/index.php?rest_route=\/wp\/v2\/posts"}],"about":[{"href":"https:\/\/veikot2.kaustinen.fi\/index.php?rest_route=\/wp\/v2\/types\/post"}],"author":[{"embeddable":true,"href":"https:\/\/veikot2.kaustinen.fi\/index.php?rest_route=\/wp\/v2\/users\/19"}],"replies":[{"embeddable":true,"href":"https:\/\/veikot2.kaustinen.fi\/index.php?rest_route=%2Fwp%2Fv2%2Fcomments&post=23063"}],"version-history":[{"count":0,"href":"https:\/\/veikot2.kaustinen.fi\/index.php?rest_route=\/wp\/v2\/posts\/23063\/revisions"}],"wp:attachment":[{"href":"https:\/\/veikot2.kaustinen.fi\/index.php?rest_route=%2Fwp%2Fv2%2Fmedia&parent=23063"}],"wp:term":[{"taxonomy":"category","embeddable":true,"href":"https:\/\/veikot2.kaustinen.fi\/index.php?rest_route=%2Fwp%2Fv2%2Fcategories&post=23063"},{"taxonomy":"post_tag","embeddable":true,"href":"https:\/\/veikot2.kaustinen.fi\/index.php?rest_route=%2Fwp%2Fv2%2Ftags&post=23063"}],"curies":[{"name":"wp","href":"https:\/\/api.w.org\/{rel}","templated":true}]}}