{"id":23075,"date":"2014-03-12T13:33:38","date_gmt":"2014-03-12T11:33:38","guid":{"rendered":"http:\/\/veikot.kaustinen.fi\/2014\/kp-vn-100-vuotisjuhlakirja-on-valmis\/"},"modified":"2014-11-11T15:01:31","modified_gmt":"2014-11-11T12:01:31","slug":"kp-vn-100-vuotisjuhlakirja-on-valmis","status":"publish","type":"post","link":"https:\/\/veikot2.kaustinen.fi\/?p=23075","title":{"rendered":"KP-V:n 100-vuotisjuhlakirja on valmis"},"content":{"rendered":"<p>KP-V:n 100-vuotisjuhlakirja &#8221;Sata vuotta Oivan jalanj\u00e4ljill\u00e4&#8221; on valmistunut. Ennakkotilaajat voivat k\u00e4yd\u00e4 noutamassa kirjansa seuran toimistosta maanantaista 17.3. alkaen. He saavat maksukuitin (35 e) tai voivat maksaa  tasarahana k\u00e4teisell\u00e4 kirjansa.<\/p>\n<p>Ne jotka eiv\u00e4t ole ennakkotilaajia voivat ostaa kirjaa seuran toimistosta hintaan 40 e. Maanantain j\u00e4lkeen kirjaa saa my\u00f6s muista pisteist\u00e4 Kaustisella. Niist\u00e4 kerrotaan my\u00f6hemmin.<\/p>\n<p>Kirja l\u00e4hetet\u00e4\u00e4n halutessa muualle Suomeen, jolloin siihen lis\u00e4t\u00e4\u00e4n postikulut.<\/p>\n<p>Maanantaina 17.3. klo 18.00 on urheilutalolla avoin tilaisuus, jossa kirjan tekij\u00e4 Pekka Kivel\u00e4 esittelee kirjaa ja vastaa kysymyksiin.<\/p>\n<p>Tervetuloa!<\/p>\n<p>Seuran puheenjohtaja Sami L\u00f6fbacka ja kirjan tekij\u00e4 Pekka Kivel\u00e4 ottivat vastaan l\u00e4hetyksen urheilutalolla.<\/p>\n<p><img decoding=\"async\" src=\"https:\/\/fbcdn-sphotos-h-a.akamaihd.net\/hphotos-ak-ash3\/t31\/1796025_10203025945946912_208720897_o.jpg\" width=\"800px\" \/><\/p>\n<p><img decoding=\"async\" src=\"https:\/\/scontent-b.xx.fbcdn.net\/hphotos-frc1\/t31\/10003688_10203025944986888_269345943_o.jpg\" width=\"800px\" \/><\/p>\n","protected":false},"excerpt":{"rendered":"<p>KP-V:n 100-vuotisjuhlakirja &#8221;Sata vuotta Oivan jalanj\u00e4ljill\u00e4&#8221; on valmistunut. Ennakkotilaajat voivat k\u00e4yd\u00e4 noutamassa kirjansa seuran toimistosta maanantaista 17.3. alkaen. He saavat maksukuitin (35 e) tai voivat maksaa tasarahana k\u00e4teisell\u00e4 kirjansa. Ne jotka eiv\u00e4t ole ennakkotilaajia voivat ostaa kirjaa seuran toimistosta hintaan 40 e. Maanantain j\u00e4lkeen kirjaa saa my\u00f6s muista pisteist\u00e4 Kaustisella. Niist\u00e4 kerrotaan my\u00f6hemmin. Kirja l\u00e4hetet\u00e4\u00e4n [&hellip;]<\/p>\n","protected":false},"author":39,"featured_media":0,"comment_status":"open","ping_status":"open","sticky":false,"template":"","format":"standard","meta":{"footnotes":""},"categories":[1],"tags":[],"class_list":["post-23075","post","type-post","status-publish","format-standard","hentry","category-yleinen"],"_links":{"self":[{"href":"https:\/\/veikot2.kaustinen.fi\/index.php?rest_route=\/wp\/v2\/posts\/23075","targetHints":{"allow":["GET"]}}],"collection":[{"href":"https:\/\/veikot2.kaustinen.fi\/index.php?rest_route=\/wp\/v2\/posts"}],"about":[{"href":"https:\/\/veikot2.kaustinen.fi\/index.php?rest_route=\/wp\/v2\/types\/post"}],"author":[{"embeddable":true,"href":"https:\/\/veikot2.kaustinen.fi\/index.php?rest_route=\/wp\/v2\/users\/39"}],"replies":[{"embeddable":true,"href":"https:\/\/veikot2.kaustinen.fi\/index.php?rest_route=%2Fwp%2Fv2%2Fcomments&post=23075"}],"version-history":[{"count":1,"href":"https:\/\/veikot2.kaustinen.fi\/index.php?rest_route=\/wp\/v2\/posts\/23075\/revisions"}],"predecessor-version":[{"id":24528,"href":"https:\/\/veikot2.kaustinen.fi\/index.php?rest_route=\/wp\/v2\/posts\/23075\/revisions\/24528"}],"wp:attachment":[{"href":"https:\/\/veikot2.kaustinen.fi\/index.php?rest_route=%2Fwp%2Fv2%2Fmedia&parent=23075"}],"wp:term":[{"taxonomy":"category","embeddable":true,"href":"https:\/\/veikot2.kaustinen.fi\/index.php?rest_route=%2Fwp%2Fv2%2Fcategories&post=23075"},{"taxonomy":"post_tag","embeddable":true,"href":"https:\/\/veikot2.kaustinen.fi\/index.php?rest_route=%2Fwp%2Fv2%2Ftags&post=23075"}],"curies":[{"name":"wp","href":"https:\/\/api.w.org\/{rel}","templated":true}]}}