{"id":23736,"date":"2014-05-25T19:29:42","date_gmt":"2014-05-25T16:29:42","guid":{"rendered":"http:\/\/veikot.kaustinen.fi\/?p=23736"},"modified":"2014-05-25T19:29:42","modified_gmt":"2014-05-25T16:29:42","slug":"julia-heitti-piirinennatyksen","status":"publish","type":"post","link":"https:\/\/veikot2.kaustinen.fi\/?p=23736","title":{"rendered":"Julia heitti piirinenn\u00e4tyksen"},"content":{"rendered":"<p>Julia Kivinen heitti t\u00e4n\u00e4\u00e4n Alaveteliss\u00e4 k\u00e4ydyiss\u00e4 aluekisoissa T13 sarjan\u00a0moukarissa 2,5 kilon v\u00e4lineell\u00e4\u00a0uuden piirinenn\u00e4tyksen 45,99 parantaen entist\u00e4 seuratoveri Heidi Myllym\u00e4en tulosta 24 sentill\u00e4<\/p>\n<p>N17:ssa kilpaillut Hanna Pulkkinen paransi 3 kilon v\u00e4lineell\u00e4 enn\u00e4tyksens\u00e4 lukemiin 45,86<\/p>\n","protected":false},"excerpt":{"rendered":"<p>Julia Kivinen heitti t\u00e4n\u00e4\u00e4n Alaveteliss\u00e4 k\u00e4ydyiss\u00e4 aluekisoissa T13 sarjan\u00a0moukarissa 2,5 kilon v\u00e4lineell\u00e4\u00a0uuden piirinenn\u00e4tyksen 45,99 parantaen entist\u00e4 seuratoveri Heidi Myllym\u00e4en tulosta 24 sentill\u00e4 N17:ssa kilpaillut Hanna Pulkkinen paransi 3 kilon v\u00e4lineell\u00e4 enn\u00e4tyksens\u00e4 lukemiin 45,86<\/p>\n","protected":false},"author":16,"featured_media":0,"comment_status":"open","ping_status":"open","sticky":false,"template":"","format":"standard","meta":{"footnotes":""},"categories":[603],"tags":[],"class_list":["post-23736","post","type-post","status-publish","format-standard","hentry","category-yleisurheilu"],"_links":{"self":[{"href":"https:\/\/veikot2.kaustinen.fi\/index.php?rest_route=\/wp\/v2\/posts\/23736","targetHints":{"allow":["GET"]}}],"collection":[{"href":"https:\/\/veikot2.kaustinen.fi\/index.php?rest_route=\/wp\/v2\/posts"}],"about":[{"href":"https:\/\/veikot2.kaustinen.fi\/index.php?rest_route=\/wp\/v2\/types\/post"}],"author":[{"embeddable":true,"href":"https:\/\/veikot2.kaustinen.fi\/index.php?rest_route=\/wp\/v2\/users\/16"}],"replies":[{"embeddable":true,"href":"https:\/\/veikot2.kaustinen.fi\/index.php?rest_route=%2Fwp%2Fv2%2Fcomments&post=23736"}],"version-history":[{"count":1,"href":"https:\/\/veikot2.kaustinen.fi\/index.php?rest_route=\/wp\/v2\/posts\/23736\/revisions"}],"predecessor-version":[{"id":23737,"href":"https:\/\/veikot2.kaustinen.fi\/index.php?rest_route=\/wp\/v2\/posts\/23736\/revisions\/23737"}],"wp:attachment":[{"href":"https:\/\/veikot2.kaustinen.fi\/index.php?rest_route=%2Fwp%2Fv2%2Fmedia&parent=23736"}],"wp:term":[{"taxonomy":"category","embeddable":true,"href":"https:\/\/veikot2.kaustinen.fi\/index.php?rest_route=%2Fwp%2Fv2%2Fcategories&post=23736"},{"taxonomy":"post_tag","embeddable":true,"href":"https:\/\/veikot2.kaustinen.fi\/index.php?rest_route=%2Fwp%2Fv2%2Ftags&post=23736"}],"curies":[{"name":"wp","href":"https:\/\/api.w.org\/{rel}","templated":true}]}}