{"id":23888,"date":"2014-06-15T13:40:49","date_gmt":"2014-06-15T10:40:49","guid":{"rendered":"http:\/\/veikot.kaustinen.fi\/?p=23888"},"modified":"2014-06-15T16:24:45","modified_gmt":"2014-06-15T13:24:45","slug":"kp-vn-miehet-jukolan-viestissa-289","status":"publish","type":"post","link":"https:\/\/veikot2.kaustinen.fi\/?p=23888","title":{"rendered":"KP-V:n miehet Jukolan Viestiss\u00e4 290."},"content":{"rendered":"<p><a title=\"pasi by matti peltoniemi, on Flickr\" href=\"https:\/\/www.flickr.com\/photos\/111309906@N08\/14404006016\"><img loading=\"lazy\" decoding=\"async\" class=\"alignright\" src=\"https:\/\/farm4.staticflickr.com\/3917\/14404006016_6acfc6f55d_o.jpg\" alt=\"pasi\" width=\"343\" height=\"260\" \/><\/a><\/p>\n<p>Kaustisen Pohjan &#8211; Veikkojen seitsikko Sami L\u00f6fbacka, Antti Pesola, Vesa Peltoniemi, Juha Lerssi, Mikko Pajukangas, Lasse Paavola, Pasi Pesola (kuva)\u00a0suunnisti hienosti sijalle 290 t\u00e4n\u00e4\u00e4n Kuopiossa p\u00e4\u00e4ttyneess\u00e4 Jukolan Viestiss\u00e4.<\/p>\n<p>T\u00e4t\u00e4 paremmin seura on menestynyt viimeksi kymmenen vuotta sitten,\u00a0tuolloin J\u00e4mi-Jukolan laukkamaastoissa yllettiin sijaan 280.<\/p>\n","protected":false},"excerpt":{"rendered":"<p>Kaustisen Pohjan &#8211; Veikkojen seitsikko Sami L\u00f6fbacka, Antti Pesola, Vesa Peltoniemi, Juha Lerssi, Mikko Pajukangas, Lasse Paavola, Pasi Pesola (kuva)\u00a0suunnisti hienosti sijalle 290 t\u00e4n\u00e4\u00e4n Kuopiossa p\u00e4\u00e4ttyneess\u00e4 Jukolan Viestiss\u00e4. T\u00e4t\u00e4 paremmin seura on menestynyt viimeksi kymmenen vuotta sitten,\u00a0tuolloin J\u00e4mi-Jukolan laukkamaastoissa yllettiin sijaan 280.<\/p>\n","protected":false},"author":16,"featured_media":0,"comment_status":"open","ping_status":"open","sticky":false,"template":"","format":"standard","meta":{"footnotes":""},"categories":[1],"tags":[],"class_list":["post-23888","post","type-post","status-publish","format-standard","hentry","category-yleinen"],"_links":{"self":[{"href":"https:\/\/veikot2.kaustinen.fi\/index.php?rest_route=\/wp\/v2\/posts\/23888","targetHints":{"allow":["GET"]}}],"collection":[{"href":"https:\/\/veikot2.kaustinen.fi\/index.php?rest_route=\/wp\/v2\/posts"}],"about":[{"href":"https:\/\/veikot2.kaustinen.fi\/index.php?rest_route=\/wp\/v2\/types\/post"}],"author":[{"embeddable":true,"href":"https:\/\/veikot2.kaustinen.fi\/index.php?rest_route=\/wp\/v2\/users\/16"}],"replies":[{"embeddable":true,"href":"https:\/\/veikot2.kaustinen.fi\/index.php?rest_route=%2Fwp%2Fv2%2Fcomments&post=23888"}],"version-history":[{"count":4,"href":"https:\/\/veikot2.kaustinen.fi\/index.php?rest_route=\/wp\/v2\/posts\/23888\/revisions"}],"predecessor-version":[{"id":23896,"href":"https:\/\/veikot2.kaustinen.fi\/index.php?rest_route=\/wp\/v2\/posts\/23888\/revisions\/23896"}],"wp:attachment":[{"href":"https:\/\/veikot2.kaustinen.fi\/index.php?rest_route=%2Fwp%2Fv2%2Fmedia&parent=23888"}],"wp:term":[{"taxonomy":"category","embeddable":true,"href":"https:\/\/veikot2.kaustinen.fi\/index.php?rest_route=%2Fwp%2Fv2%2Fcategories&post=23888"},{"taxonomy":"post_tag","embeddable":true,"href":"https:\/\/veikot2.kaustinen.fi\/index.php?rest_route=%2Fwp%2Fv2%2Ftags&post=23888"}],"curies":[{"name":"wp","href":"https:\/\/api.w.org\/{rel}","templated":true}]}}