{"id":23986,"date":"2014-07-04T11:03:33","date_gmt":"2014-07-04T08:03:33","guid":{"rendered":"http:\/\/veikot.kaustinen.fi\/?p=23986"},"modified":"2014-11-11T15:01:25","modified_gmt":"2014-11-11T12:01:25","slug":"musiikkia-ja-urheilua-nuotioillassa-torstaina-10-7","status":"publish","type":"post","link":"https:\/\/veikot2.kaustinen.fi\/?p=23986","title":{"rendered":"Musiikkia ja urheilua nuotioillassa torstaina 10.7."},"content":{"rendered":"<p>Perhonjokilaakso-lehden nuotioiltaa istutaan ensi viikon torstaina Kaustisen kansanmusiikkijuhlilla. Illan teemana on Musiikkia ja urheilua. Ilta sivuaa my\u00f6s Kaustisen Pohjan-Veikkojen satavuotista historiaa ja illan on koonnut Pekka Kivel\u00e4. H\u00e4nen mukaan pyyt\u00e4mill\u00e4\u00e4n soittajilla on meriittej\u00e4 takavuosilta my\u00f6s urheilun saralta ja Pekka Kivel\u00e4 jututtaa heit\u00e4 urheilumuistoista lyhyesti esitysten lomassa. Iltanuotiopaikka l\u00f6ytyy lasten leikkipaikan ja valtatie kolmentoista l\u00e4heisyydest\u00e4 festivaalialueelta. Nuotioillan ajankohta on 10.7. klo.17.15-18.00. (teksti\u00e4 lainattu perhonjokilaakso-lehdest\u00e4)<\/p>\n","protected":false},"excerpt":{"rendered":"<p>Perhonjokilaakso-lehden nuotioiltaa istutaan ensi viikon torstaina Kaustisen kansanmusiikkijuhlilla. Illan teemana on Musiikkia ja urheilua. Ilta sivuaa my\u00f6s Kaustisen Pohjan-Veikkojen satavuotista historiaa ja illan on koonnut Pekka Kivel\u00e4. H\u00e4nen mukaan pyyt\u00e4mill\u00e4\u00e4n soittajilla on meriittej\u00e4 takavuosilta my\u00f6s urheilun saralta ja Pekka Kivel\u00e4 jututtaa heit\u00e4 urheilumuistoista lyhyesti esitysten lomassa. Iltanuotiopaikka l\u00f6ytyy lasten leikkipaikan ja valtatie kolmentoista l\u00e4heisyydest\u00e4 festivaalialueelta. [&hellip;]<\/p>\n","protected":false},"author":39,"featured_media":0,"comment_status":"open","ping_status":"open","sticky":false,"template":"","format":"standard","meta":{"footnotes":""},"categories":[1],"tags":[],"class_list":["post-23986","post","type-post","status-publish","format-standard","hentry","category-yleinen"],"_links":{"self":[{"href":"https:\/\/veikot2.kaustinen.fi\/index.php?rest_route=\/wp\/v2\/posts\/23986","targetHints":{"allow":["GET"]}}],"collection":[{"href":"https:\/\/veikot2.kaustinen.fi\/index.php?rest_route=\/wp\/v2\/posts"}],"about":[{"href":"https:\/\/veikot2.kaustinen.fi\/index.php?rest_route=\/wp\/v2\/types\/post"}],"author":[{"embeddable":true,"href":"https:\/\/veikot2.kaustinen.fi\/index.php?rest_route=\/wp\/v2\/users\/39"}],"replies":[{"embeddable":true,"href":"https:\/\/veikot2.kaustinen.fi\/index.php?rest_route=%2Fwp%2Fv2%2Fcomments&post=23986"}],"version-history":[{"count":1,"href":"https:\/\/veikot2.kaustinen.fi\/index.php?rest_route=\/wp\/v2\/posts\/23986\/revisions"}],"predecessor-version":[{"id":23987,"href":"https:\/\/veikot2.kaustinen.fi\/index.php?rest_route=\/wp\/v2\/posts\/23986\/revisions\/23987"}],"wp:attachment":[{"href":"https:\/\/veikot2.kaustinen.fi\/index.php?rest_route=%2Fwp%2Fv2%2Fmedia&parent=23986"}],"wp:term":[{"taxonomy":"category","embeddable":true,"href":"https:\/\/veikot2.kaustinen.fi\/index.php?rest_route=%2Fwp%2Fv2%2Fcategories&post=23986"},{"taxonomy":"post_tag","embeddable":true,"href":"https:\/\/veikot2.kaustinen.fi\/index.php?rest_route=%2Fwp%2Fv2%2Ftags&post=23986"}],"curies":[{"name":"wp","href":"https:\/\/api.w.org\/{rel}","templated":true}]}}