{"id":24144,"date":"2014-08-09T09:37:16","date_gmt":"2014-08-09T06:37:16","guid":{"rendered":"http:\/\/veikot.kaustinen.fi\/?p=24144"},"modified":"2014-08-09T09:37:16","modified_gmt":"2014-08-09T06:37:16","slug":"heli-jokela-mukana-myos-seinajoen-sm-kilpailuissa","status":"publish","type":"post","link":"https:\/\/veikot2.kaustinen.fi\/?p=24144","title":{"rendered":"Heli Jokela mukana my\u00f6s Sein\u00e4joen SM-kilpailuissa"},"content":{"rendered":"<p>Kaustisen Pohjan-Veikkoja yleisurheilussa edustava Heli Jokela heitt\u00e4\u00e4 keih\u00e4st\u00e4 t\u00e4n\u00e4\u00e4n Sein\u00e4joella alkavissa yleisurheilun 22-vuotiaiden SM-kilpailuissa.<\/p>\n<p>Voimanostostossa MM-tasolle ylt\u00e4nyt Jokela on heitt\u00e4nyt t\u00e4n\u00e4 vuonna keih\u00e4st\u00e4 42,43. H\u00e4n on tuloksellaan kymmenenten\u00e4 kauden kotimaisessa tilastossa.<\/p>\n<p>Naisten keih\u00e4\u00e4nheittoon on ilmoittautunut kaksitoista heitt\u00e4j\u00e4\u00e4.<\/p>\n","protected":false},"excerpt":{"rendered":"<p>Kaustisen Pohjan-Veikkoja yleisurheilussa edustava Heli Jokela heitt\u00e4\u00e4 keih\u00e4st\u00e4 t\u00e4n\u00e4\u00e4n Sein\u00e4joella alkavissa yleisurheilun 22-vuotiaiden SM-kilpailuissa. Voimanostostossa MM-tasolle ylt\u00e4nyt Jokela on heitt\u00e4nyt t\u00e4n\u00e4 vuonna keih\u00e4st\u00e4 42,43. H\u00e4n on tuloksellaan kymmenenten\u00e4 kauden kotimaisessa tilastossa. Naisten keih\u00e4\u00e4nheittoon on ilmoittautunut kaksitoista heitt\u00e4j\u00e4\u00e4.<\/p>\n","protected":false},"author":19,"featured_media":0,"comment_status":"open","ping_status":"open","sticky":false,"template":"","format":"standard","meta":{"footnotes":""},"categories":[603],"tags":[],"class_list":["post-24144","post","type-post","status-publish","format-standard","hentry","category-yleisurheilu"],"_links":{"self":[{"href":"https:\/\/veikot2.kaustinen.fi\/index.php?rest_route=\/wp\/v2\/posts\/24144","targetHints":{"allow":["GET"]}}],"collection":[{"href":"https:\/\/veikot2.kaustinen.fi\/index.php?rest_route=\/wp\/v2\/posts"}],"about":[{"href":"https:\/\/veikot2.kaustinen.fi\/index.php?rest_route=\/wp\/v2\/types\/post"}],"author":[{"embeddable":true,"href":"https:\/\/veikot2.kaustinen.fi\/index.php?rest_route=\/wp\/v2\/users\/19"}],"replies":[{"embeddable":true,"href":"https:\/\/veikot2.kaustinen.fi\/index.php?rest_route=%2Fwp%2Fv2%2Fcomments&post=24144"}],"version-history":[{"count":1,"href":"https:\/\/veikot2.kaustinen.fi\/index.php?rest_route=\/wp\/v2\/posts\/24144\/revisions"}],"predecessor-version":[{"id":24145,"href":"https:\/\/veikot2.kaustinen.fi\/index.php?rest_route=\/wp\/v2\/posts\/24144\/revisions\/24145"}],"wp:attachment":[{"href":"https:\/\/veikot2.kaustinen.fi\/index.php?rest_route=%2Fwp%2Fv2%2Fmedia&parent=24144"}],"wp:term":[{"taxonomy":"category","embeddable":true,"href":"https:\/\/veikot2.kaustinen.fi\/index.php?rest_route=%2Fwp%2Fv2%2Fcategories&post=24144"},{"taxonomy":"post_tag","embeddable":true,"href":"https:\/\/veikot2.kaustinen.fi\/index.php?rest_route=%2Fwp%2Fv2%2Ftags&post=24144"}],"curies":[{"name":"wp","href":"https:\/\/api.w.org\/{rel}","templated":true}]}}