{"id":24146,"date":"2014-08-09T10:01:17","date_gmt":"2014-08-09T07:01:17","guid":{"rendered":"http:\/\/veikot.kaustinen.fi\/?p=24146"},"modified":"2014-08-09T10:01:17","modified_gmt":"2014-08-09T07:01:17","slug":"kuusi-nuorta-kilpailee-aluehuipentumassa-kokkolassa","status":"publish","type":"post","link":"https:\/\/veikot2.kaustinen.fi\/?p=24146","title":{"rendered":"Kuusi nuorta kilpailee aluehuipentumassa Kokkolassa"},"content":{"rendered":"<p>L\u00e4ntisen alueen 12-13-vuotiaiden aluehuipentuma on t\u00e4n\u00e4\u00e4n lauantaina Kirkonm\u00e4en kent\u00e4ll\u00e4 Kokkolassa. Kaustisen Pohjan-Veikoista on mukana kuusi nuorta urheilijaa.<\/p>\n<p>13-vuotiaiden poikien sarjan 1000 metrille osallistuu Saku Kolehmainen. Saman ik\u00e4sarjan kiekkoringiss\u00e4 py\u00f6r\u00e4htelee Atte Syv\u00e4koski.<\/p>\n<p>Tytt\u00f6jen 13-vuotiaiden sarjassa Pohjan-Veikkojen Julia Kivinen juoksee 60 metrin aidat. H\u00e4n osallistuu my\u00f6s keih\u00e4\u00e4nheittoon.<\/p>\n<p>12-vuotiaiden poikien sarjassa Toni Kolehmainen juoksee 1000 metri\u00e4 ja hypp\u00e4\u00e4 pituutta. Ville Kankkonen on kilpailee korkeudessa ja pituudessa.<\/p>\n<p>Tytt\u00f6jen 12-vuotiaiden kuulassa ja moukarissa kilpailee Alisa Syv\u00e4koski.<\/p>\n<p>Kilpailuihin on ilmoittautunut 101 nuorta.<\/p>\n<p>&nbsp;<\/p>\n","protected":false},"excerpt":{"rendered":"<p>L\u00e4ntisen alueen 12-13-vuotiaiden aluehuipentuma on t\u00e4n\u00e4\u00e4n lauantaina Kirkonm\u00e4en kent\u00e4ll\u00e4 Kokkolassa. Kaustisen Pohjan-Veikoista on mukana kuusi nuorta urheilijaa. 13-vuotiaiden poikien sarjan 1000 metrille osallistuu Saku Kolehmainen. Saman ik\u00e4sarjan kiekkoringiss\u00e4 py\u00f6r\u00e4htelee Atte Syv\u00e4koski. Tytt\u00f6jen 13-vuotiaiden sarjassa Pohjan-Veikkojen Julia Kivinen juoksee 60 metrin aidat. H\u00e4n osallistuu my\u00f6s keih\u00e4\u00e4nheittoon. 12-vuotiaiden poikien sarjassa Toni Kolehmainen juoksee 1000 metri\u00e4 ja hypp\u00e4\u00e4 [&hellip;]<\/p>\n","protected":false},"author":19,"featured_media":0,"comment_status":"open","ping_status":"open","sticky":false,"template":"","format":"standard","meta":{"footnotes":""},"categories":[1],"tags":[],"class_list":["post-24146","post","type-post","status-publish","format-standard","hentry","category-yleinen"],"_links":{"self":[{"href":"https:\/\/veikot2.kaustinen.fi\/index.php?rest_route=\/wp\/v2\/posts\/24146","targetHints":{"allow":["GET"]}}],"collection":[{"href":"https:\/\/veikot2.kaustinen.fi\/index.php?rest_route=\/wp\/v2\/posts"}],"about":[{"href":"https:\/\/veikot2.kaustinen.fi\/index.php?rest_route=\/wp\/v2\/types\/post"}],"author":[{"embeddable":true,"href":"https:\/\/veikot2.kaustinen.fi\/index.php?rest_route=\/wp\/v2\/users\/19"}],"replies":[{"embeddable":true,"href":"https:\/\/veikot2.kaustinen.fi\/index.php?rest_route=%2Fwp%2Fv2%2Fcomments&post=24146"}],"version-history":[{"count":1,"href":"https:\/\/veikot2.kaustinen.fi\/index.php?rest_route=\/wp\/v2\/posts\/24146\/revisions"}],"predecessor-version":[{"id":24147,"href":"https:\/\/veikot2.kaustinen.fi\/index.php?rest_route=\/wp\/v2\/posts\/24146\/revisions\/24147"}],"wp:attachment":[{"href":"https:\/\/veikot2.kaustinen.fi\/index.php?rest_route=%2Fwp%2Fv2%2Fmedia&parent=24146"}],"wp:term":[{"taxonomy":"category","embeddable":true,"href":"https:\/\/veikot2.kaustinen.fi\/index.php?rest_route=%2Fwp%2Fv2%2Fcategories&post=24146"},{"taxonomy":"post_tag","embeddable":true,"href":"https:\/\/veikot2.kaustinen.fi\/index.php?rest_route=%2Fwp%2Fv2%2Ftags&post=24146"}],"curies":[{"name":"wp","href":"https:\/\/api.w.org\/{rel}","templated":true}]}}