{"id":24184,"date":"2014-08-16T18:09:52","date_gmt":"2014-08-16T15:09:52","guid":{"rendered":"http:\/\/veikot.kaustinen.fi\/?p=24184"},"modified":"2014-08-16T18:28:45","modified_gmt":"2014-08-16T15:28:45","slug":"julia-parantaa-keihaassa","status":"publish","type":"post","link":"https:\/\/veikot2.kaustinen.fi\/?p=24184","title":{"rendered":"Julia parantaa keih\u00e4\u00e4ss\u00e4"},"content":{"rendered":"<p>Julia Kivinen voitti t\u00e4n\u00e4\u00e4n \u00c4\u00e4nekoskella k\u00e4ydyiss\u00e4 nuorisokisoissa T13 sarjan keih\u00e4\u00e4n uudella enn\u00e4tyksell\u00e4\u00e4n 35,36 ja nousee tuloksellaan maan tilastossa hienosti seitsem\u00e4nneksi.<\/p>\n","protected":false},"excerpt":{"rendered":"<p>Julia Kivinen voitti t\u00e4n\u00e4\u00e4n \u00c4\u00e4nekoskella k\u00e4ydyiss\u00e4 nuorisokisoissa T13 sarjan keih\u00e4\u00e4n uudella enn\u00e4tyksell\u00e4\u00e4n 35,36 ja nousee tuloksellaan maan tilastossa hienosti seitsem\u00e4nneksi.<\/p>\n","protected":false},"author":16,"featured_media":0,"comment_status":"open","ping_status":"open","sticky":false,"template":"","format":"standard","meta":{"footnotes":""},"categories":[603],"tags":[],"class_list":["post-24184","post","type-post","status-publish","format-standard","hentry","category-yleisurheilu"],"_links":{"self":[{"href":"https:\/\/veikot2.kaustinen.fi\/index.php?rest_route=\/wp\/v2\/posts\/24184","targetHints":{"allow":["GET"]}}],"collection":[{"href":"https:\/\/veikot2.kaustinen.fi\/index.php?rest_route=\/wp\/v2\/posts"}],"about":[{"href":"https:\/\/veikot2.kaustinen.fi\/index.php?rest_route=\/wp\/v2\/types\/post"}],"author":[{"embeddable":true,"href":"https:\/\/veikot2.kaustinen.fi\/index.php?rest_route=\/wp\/v2\/users\/16"}],"replies":[{"embeddable":true,"href":"https:\/\/veikot2.kaustinen.fi\/index.php?rest_route=%2Fwp%2Fv2%2Fcomments&post=24184"}],"version-history":[{"count":4,"href":"https:\/\/veikot2.kaustinen.fi\/index.php?rest_route=\/wp\/v2\/posts\/24184\/revisions"}],"predecessor-version":[{"id":24188,"href":"https:\/\/veikot2.kaustinen.fi\/index.php?rest_route=\/wp\/v2\/posts\/24184\/revisions\/24188"}],"wp:attachment":[{"href":"https:\/\/veikot2.kaustinen.fi\/index.php?rest_route=%2Fwp%2Fv2%2Fmedia&parent=24184"}],"wp:term":[{"taxonomy":"category","embeddable":true,"href":"https:\/\/veikot2.kaustinen.fi\/index.php?rest_route=%2Fwp%2Fv2%2Fcategories&post=24184"},{"taxonomy":"post_tag","embeddable":true,"href":"https:\/\/veikot2.kaustinen.fi\/index.php?rest_route=%2Fwp%2Fv2%2Ftags&post=24184"}],"curies":[{"name":"wp","href":"https:\/\/api.w.org\/{rel}","templated":true}]}}