{"id":24224,"date":"2014-08-21T18:30:23","date_gmt":"2014-08-21T15:30:23","guid":{"rendered":"http:\/\/veikot.kaustinen.fi\/?p=24224"},"modified":"2014-08-21T19:38:21","modified_gmt":"2014-08-21T16:38:21","slug":"kp-vn-nuoria-sm-kisoissa","status":"publish","type":"post","link":"https:\/\/veikot2.kaustinen.fi\/?p=24224","title":{"rendered":"KP-V:n nuoria SM-kisoissa"},"content":{"rendered":"<p>Tulevana viikonloppuna j\u00e4rjestet\u00e4\u00e4n nuorten yleisurheilun\u00a0\u00a0SM-kisat. 14-15 vuotiaiden mestaruudet ratkotaan Raisiossa, 16-17 vuotiaiden Kotkassa.\u00a0 Molemmilla paikkakunnilla kisat kest\u00e4v\u00e4t perjantaista sunnuntaihin.<\/p>\n<p>N17 sarjassa kilpaileva Vilja Peltoniemi juoksee perjantaina 3000 m. \u00a0Viljan urakka jatkuu sunnuntaina 1500 m:n juoksulla.<\/p>\n<p>P15 sarjassa KP-V:t\u00e4 edustavat Eemil Ali-Haapala ja Atte Ahola osallistuvat pituushyppyyn lauantaina. 15-vuotiaiden sarjassa kaksi saman seuran urheilijaa muodostavat joukkueen, joten pojat kamppailevat\u00a0pituuden paremmuudesta\u00a0my\u00f6s\u00a0joukkuekilpailussa yhdeks\u00e4n muun joukkueen kanssa.<\/p>\n<p>Eemil osallistuu lis\u00e4ksi sunnuntaina j\u00e4rjestett\u00e4v\u00e4\u00e4n seiv\u00e4shyppyyn. Minna L\u00e4sp\u00e4 asettuu sunnuntaina l\u00e4ht\u00f6viivalle edustaessaan KP-V:t\u00e4 T14\u00a0 sarjan 2000 m:n juoksussa.<\/p>\n<p>N16 moukariin ja korkeuteen ilmoittautunut Hanna Pulkkinen joutuu j\u00e4tt\u00e4ytym\u00e4\u00e4n kisoista sitke\u00e4n flunssan vuoksi.<\/p>\n","protected":false},"excerpt":{"rendered":"<p>Tulevana viikonloppuna j\u00e4rjestet\u00e4\u00e4n nuorten yleisurheilun\u00a0\u00a0SM-kisat. 14-15 vuotiaiden mestaruudet ratkotaan Raisiossa, 16-17 vuotiaiden Kotkassa.\u00a0 Molemmilla paikkakunnilla kisat kest\u00e4v\u00e4t perjantaista sunnuntaihin. N17 sarjassa kilpaileva Vilja Peltoniemi juoksee perjantaina 3000 m. \u00a0Viljan urakka jatkuu sunnuntaina 1500 m:n juoksulla. P15 sarjassa KP-V:t\u00e4 edustavat Eemil Ali-Haapala ja Atte Ahola osallistuvat pituushyppyyn lauantaina. 15-vuotiaiden sarjassa kaksi saman seuran urheilijaa muodostavat joukkueen, [&hellip;]<\/p>\n","protected":false},"author":36,"featured_media":0,"comment_status":"open","ping_status":"open","sticky":false,"template":"","format":"standard","meta":{"footnotes":""},"categories":[603],"tags":[3339],"class_list":["post-24224","post","type-post","status-publish","format-standard","hentry","category-yleisurheilu","tag-yleisurheilu-2"],"_links":{"self":[{"href":"https:\/\/veikot2.kaustinen.fi\/index.php?rest_route=\/wp\/v2\/posts\/24224","targetHints":{"allow":["GET"]}}],"collection":[{"href":"https:\/\/veikot2.kaustinen.fi\/index.php?rest_route=\/wp\/v2\/posts"}],"about":[{"href":"https:\/\/veikot2.kaustinen.fi\/index.php?rest_route=\/wp\/v2\/types\/post"}],"author":[{"embeddable":true,"href":"https:\/\/veikot2.kaustinen.fi\/index.php?rest_route=\/wp\/v2\/users\/36"}],"replies":[{"embeddable":true,"href":"https:\/\/veikot2.kaustinen.fi\/index.php?rest_route=%2Fwp%2Fv2%2Fcomments&post=24224"}],"version-history":[{"count":5,"href":"https:\/\/veikot2.kaustinen.fi\/index.php?rest_route=\/wp\/v2\/posts\/24224\/revisions"}],"predecessor-version":[{"id":24232,"href":"https:\/\/veikot2.kaustinen.fi\/index.php?rest_route=\/wp\/v2\/posts\/24224\/revisions\/24232"}],"wp:attachment":[{"href":"https:\/\/veikot2.kaustinen.fi\/index.php?rest_route=%2Fwp%2Fv2%2Fmedia&parent=24224"}],"wp:term":[{"taxonomy":"category","embeddable":true,"href":"https:\/\/veikot2.kaustinen.fi\/index.php?rest_route=%2Fwp%2Fv2%2Fcategories&post=24224"},{"taxonomy":"post_tag","embeddable":true,"href":"https:\/\/veikot2.kaustinen.fi\/index.php?rest_route=%2Fwp%2Fv2%2Ftags&post=24224"}],"curies":[{"name":"wp","href":"https:\/\/api.w.org\/{rel}","templated":true}]}}