{"id":24266,"date":"2014-08-29T13:29:30","date_gmt":"2014-08-29T10:29:30","guid":{"rendered":"http:\/\/veikot.kaustinen.fi\/?p=24266"},"modified":"2014-08-29T13:29:30","modified_gmt":"2014-08-29T10:29:30","slug":"pohjan-veikkojen-jenni-penttila-toisena-kauden-tilastossa","status":"publish","type":"post","link":"https:\/\/veikot2.kaustinen.fi\/?p=24266","title":{"rendered":"Pohjan-Veikkojen Jenni Penttil\u00e4 toisena kauden tilastossa"},"content":{"rendered":"<p>Naisten moukaritilaston k\u00e4rkipaikalla on Soinin Sisun Merja Korpela ennen Kaustisen Pohja-Veikkojen Jenni Penttil\u00e4\u00e4.<\/p>\n<p>Kauden parhaat 29.8.<\/p>\n<p>68,44 Merja Korpela<\/p>\n<p>66,12 Jenni Penttil\u00e4<\/p>\n<p>64,44 Johanna Salmela<\/p>\n<p>62,34 Sanni Saarinen<\/p>\n<p>62,28 Jonna Miettinen<\/p>\n","protected":false},"excerpt":{"rendered":"<p>Naisten moukaritilaston k\u00e4rkipaikalla on Soinin Sisun Merja Korpela ennen Kaustisen Pohja-Veikkojen Jenni Penttil\u00e4\u00e4. Kauden parhaat 29.8. 68,44 Merja Korpela 66,12 Jenni Penttil\u00e4 64,44 Johanna Salmela 62,34 Sanni Saarinen 62,28 Jonna Miettinen<\/p>\n","protected":false},"author":19,"featured_media":0,"comment_status":"open","ping_status":"open","sticky":false,"template":"","format":"standard","meta":{"footnotes":""},"categories":[603],"tags":[],"class_list":["post-24266","post","type-post","status-publish","format-standard","hentry","category-yleisurheilu"],"_links":{"self":[{"href":"https:\/\/veikot2.kaustinen.fi\/index.php?rest_route=\/wp\/v2\/posts\/24266","targetHints":{"allow":["GET"]}}],"collection":[{"href":"https:\/\/veikot2.kaustinen.fi\/index.php?rest_route=\/wp\/v2\/posts"}],"about":[{"href":"https:\/\/veikot2.kaustinen.fi\/index.php?rest_route=\/wp\/v2\/types\/post"}],"author":[{"embeddable":true,"href":"https:\/\/veikot2.kaustinen.fi\/index.php?rest_route=\/wp\/v2\/users\/19"}],"replies":[{"embeddable":true,"href":"https:\/\/veikot2.kaustinen.fi\/index.php?rest_route=%2Fwp%2Fv2%2Fcomments&post=24266"}],"version-history":[{"count":1,"href":"https:\/\/veikot2.kaustinen.fi\/index.php?rest_route=\/wp\/v2\/posts\/24266\/revisions"}],"predecessor-version":[{"id":24270,"href":"https:\/\/veikot2.kaustinen.fi\/index.php?rest_route=\/wp\/v2\/posts\/24266\/revisions\/24270"}],"wp:attachment":[{"href":"https:\/\/veikot2.kaustinen.fi\/index.php?rest_route=%2Fwp%2Fv2%2Fmedia&parent=24266"}],"wp:term":[{"taxonomy":"category","embeddable":true,"href":"https:\/\/veikot2.kaustinen.fi\/index.php?rest_route=%2Fwp%2Fv2%2Fcategories&post=24266"},{"taxonomy":"post_tag","embeddable":true,"href":"https:\/\/veikot2.kaustinen.fi\/index.php?rest_route=%2Fwp%2Fv2%2Ftags&post=24266"}],"curies":[{"name":"wp","href":"https:\/\/api.w.org\/{rel}","templated":true}]}}