{"id":24461,"date":"2014-10-14T15:04:22","date_gmt":"2014-10-14T12:04:22","guid":{"rendered":"http:\/\/veikot.kaustinen.fi\/?p=24461"},"modified":"2014-11-11T15:01:17","modified_gmt":"2014-11-11T12:01:17","slug":"jesse-lehto-on-valittu-suln-valmennusryhmaan","status":"publish","type":"post","link":"https:\/\/veikot2.kaustinen.fi\/?p=24461","title":{"rendered":"Jesse Lehto on valittu SUL:n valmennusryhm\u00e4\u00e4n"},"content":{"rendered":"<p><span style=\"color: #005380;\">Suomen Urheiluliitto on nimennyt 43 sopimusurheilijaa vuodelle 2015. Urheilijat tullaan jaottelemaan Team Finland ja EM -ryhmiin marraskuun aikana. T\u00e4st\u00e4 linkist\u00e4 n\u00e4et kaikki sopimusurheilijat<\/span>\u00a0<a title=\"Yleisurheilu.fi\" href=\"http:\/\/www.yleisurheilu.fi\/uutiset\/uutispalvelu\/j%C3%A4rjest%C3%B6tiedotteet\/sopimusurheilijat-vuodelle-2015-nimetty\">http:\/\/www.yleisurheilu.fi\/uutiset\/uutispalvelu\/j%C3%A4rjest%C3%B6tiedotteet\/sopimusurheilijat-vuodelle-2015-nimetty<\/a><\/p>\n","protected":false},"excerpt":{"rendered":"<p>Suomen Urheiluliitto on nimennyt 43 sopimusurheilijaa vuodelle 2015. Urheilijat tullaan jaottelemaan Team Finland ja EM -ryhmiin marraskuun aikana. T\u00e4st\u00e4 linkist\u00e4 n\u00e4et kaikki sopimusurheilijat\u00a0http:\/\/www.yleisurheilu.fi\/uutiset\/uutispalvelu\/j%C3%A4rjest%C3%B6tiedotteet\/sopimusurheilijat-vuodelle-2015-nimetty<\/p>\n","protected":false},"author":39,"featured_media":0,"comment_status":"open","ping_status":"open","sticky":false,"template":"","format":"standard","meta":{"footnotes":""},"categories":[1],"tags":[],"class_list":["post-24461","post","type-post","status-publish","format-standard","hentry","category-yleinen"],"_links":{"self":[{"href":"https:\/\/veikot2.kaustinen.fi\/index.php?rest_route=\/wp\/v2\/posts\/24461","targetHints":{"allow":["GET"]}}],"collection":[{"href":"https:\/\/veikot2.kaustinen.fi\/index.php?rest_route=\/wp\/v2\/posts"}],"about":[{"href":"https:\/\/veikot2.kaustinen.fi\/index.php?rest_route=\/wp\/v2\/types\/post"}],"author":[{"embeddable":true,"href":"https:\/\/veikot2.kaustinen.fi\/index.php?rest_route=\/wp\/v2\/users\/39"}],"replies":[{"embeddable":true,"href":"https:\/\/veikot2.kaustinen.fi\/index.php?rest_route=%2Fwp%2Fv2%2Fcomments&post=24461"}],"version-history":[{"count":1,"href":"https:\/\/veikot2.kaustinen.fi\/index.php?rest_route=\/wp\/v2\/posts\/24461\/revisions"}],"predecessor-version":[{"id":24462,"href":"https:\/\/veikot2.kaustinen.fi\/index.php?rest_route=\/wp\/v2\/posts\/24461\/revisions\/24462"}],"wp:attachment":[{"href":"https:\/\/veikot2.kaustinen.fi\/index.php?rest_route=%2Fwp%2Fv2%2Fmedia&parent=24461"}],"wp:term":[{"taxonomy":"category","embeddable":true,"href":"https:\/\/veikot2.kaustinen.fi\/index.php?rest_route=%2Fwp%2Fv2%2Fcategories&post=24461"},{"taxonomy":"post_tag","embeddable":true,"href":"https:\/\/veikot2.kaustinen.fi\/index.php?rest_route=%2Fwp%2Fv2%2Ftags&post=24461"}],"curies":[{"name":"wp","href":"https:\/\/api.w.org\/{rel}","templated":true}]}}