{"id":24477,"date":"2014-10-20T13:55:02","date_gmt":"2014-10-20T10:55:02","guid":{"rendered":"http:\/\/veikot.kaustinen.fi\/?p=24477"},"modified":"2014-10-20T13:55:16","modified_gmt":"2014-10-20T10:55:16","slug":"juhlavuosi-huipentuu","status":"publish","type":"post","link":"https:\/\/veikot2.kaustinen.fi\/?p=24477","title":{"rendered":"Juhlavuosi huipentuu"},"content":{"rendered":"<p>Hanna-Maari Latvala on yksi ensi lauantaina t\u00e4htivieraista, kun Kaustisen Pohjan-Veikot j\u00e4rjest\u00e4\u00e4 Urheilutalolla kaiken kansan liikuntap\u00e4iv\u00e4n. Hanna-Maari on kokkolalaisl\u00e4ht\u00f6inen ja on kilpaillut nuorena my\u00f6s Kaustisella. Nyt h\u00e4n tapaa lapsia ja on haastateltavana heti tilaisuuden alussa.<\/p>\n<p>Viime kes\u00e4 oli Hanna-Maari Latvalalle erinomainen. H\u00e4n juoksi enn\u00e4tyksens\u00e4 100 metrill\u00e4 11,30 ja sijoittui EM-kisojen 200 metrin finaalissa seitsem\u00e4nneksi. Petteri Jousteen valmennuksessa JKU:ta edustava Hanna-Maari on kehittynyt jatkuvasti ja t\u00e4ht\u00e4\u00e4 ensi kes\u00e4n Pekingin MM-kisoihin.<\/p>\n<p>My\u00f6s kilpauransa jo j\u00e4tt\u00e4nyt Olli-Pekka Karjalainen tulee Kaustiselle. H\u00e4n sai kokea viime syyskuun Ruotsi-ottelun aikana hienon hetken, kun h\u00e4nelle ojennettiin EM-kultamitali vuoden 2006 kisoista, koska ep\u00e4reilun menetelmin voittanut valkoven\u00e4l\u00e4iskilpailija k\u00e4r\u00e4hti my\u00f6hemmin. Olli-Pekka on moninkertainen Kaustisen k\u00e4vij\u00e4 ja heitti muutaman kerran Nikulassa j\u00e4rjestetyiss\u00e4 moukarikarnevaaleissa. H\u00e4n on my\u00f6s Olympiakomitean hallituksen j\u00e4sen ja t\u00e4ht\u00e4\u00e4 ensi kev\u00e4\u00e4n\u00e4 eduskuntaan.<\/p>\n<p>KP-V:n omat huiput Jenni Penttil\u00e4 ja Jesse Lehto ovat my\u00f6s paikalla lauantaina haastateltavina. Molemmat tekiv\u00e4t viime kaudella enn\u00e4tyksi\u00e4\u00e4n ja nousivat kovimpaan k\u00e4rkeen Suomessa. \u00a0Jenni on naisten tilaston kakkonen ja hopeamitalisti Kalevan kisoista. Jessekin ylitti jo 70 metrin rajan, mik\u00e4 oikeutti \u00e4skett\u00e4in valintaan Suomen Urheiluliiton Team Finlandiin eli arvokisavalmennettaviin.<\/p>\n<p>Sunnuntain 26.10. p\u00e4\u00e4juhla k\u00e4ynnistyy kakkukahveilla. Samalla voi ehti\u00e4 katsomaan vanhojen valokuvien n\u00e4yttely\u00e4 sek\u00e4 KP-V:l\u00e4isten vanhoja palkintoja ja joitakin esineit\u00e4, kuten vaikka Armas Peltolan piikkarit 1930-luvulta. Kansantaiteenkeskuksen museosaliin on asetettu koko viikoksi avoinna oleva n\u00e4yttely, miss\u00e4 voi ihailla palkintoja, joista vanhimmat ovat 1900-luvun alusta ennen seuran perustamista.\u00a0 Esill\u00e4 on todellisia harvinaisuuksia, joiden hankkimiseksi kaustislaiset ovat vuodattaneet monia hikikarpaloita.<\/p>\n<p>P\u00e4\u00e4juhlan juhlapuheen pit\u00e4\u00e4 Olympiakomitean hallituksen puheenjohtaja Risto Nieminen.<\/p>\n<p><strong>KP-V:n tilaisuudet ovat kaikille avoimia<\/strong>. Kutsukirjeit\u00e4 on l\u00e4hetetty l\u00e4hinn\u00e4 kunnan ulkopuolella asuville sek\u00e4 niille, jotka tulevat samaan huomionosoituksia. Kaustisen kunta kehottaa kuntalaisiaan liputtamaan KP-V:n juhlap\u00e4iv\u00e4n\u00e4 ensi sunnuntaina.<\/p>\n","protected":false},"excerpt":{"rendered":"<p>Hanna-Maari Latvala on yksi ensi lauantaina t\u00e4htivieraista, kun Kaustisen Pohjan-Veikot j\u00e4rjest\u00e4\u00e4 Urheilutalolla kaiken kansan liikuntap\u00e4iv\u00e4n. Hanna-Maari on kokkolalaisl\u00e4ht\u00f6inen ja on kilpaillut nuorena my\u00f6s Kaustisella. Nyt h\u00e4n tapaa lapsia ja on haastateltavana heti tilaisuuden alussa. Viime kes\u00e4 oli Hanna-Maari Latvalalle erinomainen. H\u00e4n juoksi enn\u00e4tyksens\u00e4 100 metrill\u00e4 11,30 ja sijoittui EM-kisojen 200 metrin finaalissa seitsem\u00e4nneksi. Petteri Jousteen [&hellip;]<\/p>\n","protected":false},"author":37,"featured_media":0,"comment_status":"open","ping_status":"open","sticky":false,"template":"","format":"standard","meta":{"footnotes":""},"categories":[3324,1],"tags":[],"class_list":["post-24477","post","type-post","status-publish","format-standard","hentry","category-seura","category-yleinen"],"_links":{"self":[{"href":"https:\/\/veikot2.kaustinen.fi\/index.php?rest_route=\/wp\/v2\/posts\/24477","targetHints":{"allow":["GET"]}}],"collection":[{"href":"https:\/\/veikot2.kaustinen.fi\/index.php?rest_route=\/wp\/v2\/posts"}],"about":[{"href":"https:\/\/veikot2.kaustinen.fi\/index.php?rest_route=\/wp\/v2\/types\/post"}],"author":[{"embeddable":true,"href":"https:\/\/veikot2.kaustinen.fi\/index.php?rest_route=\/wp\/v2\/users\/37"}],"replies":[{"embeddable":true,"href":"https:\/\/veikot2.kaustinen.fi\/index.php?rest_route=%2Fwp%2Fv2%2Fcomments&post=24477"}],"version-history":[{"count":1,"href":"https:\/\/veikot2.kaustinen.fi\/index.php?rest_route=\/wp\/v2\/posts\/24477\/revisions"}],"predecessor-version":[{"id":24478,"href":"https:\/\/veikot2.kaustinen.fi\/index.php?rest_route=\/wp\/v2\/posts\/24477\/revisions\/24478"}],"wp:attachment":[{"href":"https:\/\/veikot2.kaustinen.fi\/index.php?rest_route=%2Fwp%2Fv2%2Fmedia&parent=24477"}],"wp:term":[{"taxonomy":"category","embeddable":true,"href":"https:\/\/veikot2.kaustinen.fi\/index.php?rest_route=%2Fwp%2Fv2%2Fcategories&post=24477"},{"taxonomy":"post_tag","embeddable":true,"href":"https:\/\/veikot2.kaustinen.fi\/index.php?rest_route=%2Fwp%2Fv2%2Ftags&post=24477"}],"curies":[{"name":"wp","href":"https:\/\/api.w.org\/{rel}","templated":true}]}}