{"id":26822,"date":"2016-03-22T11:06:00","date_gmt":"2016-03-22T09:06:00","guid":{"rendered":"http:\/\/veikot.kaustinen.fi\/?p=26822"},"modified":"2016-03-31T09:29:00","modified_gmt":"2016-03-31T06:29:00","slug":"uudet-trimtex-seura-asut-tilattavissa","status":"publish","type":"post","link":"https:\/\/veikot2.kaustinen.fi\/?p=26822","title":{"rendered":"Uudet Trimtex seura-asut tilattavissa!!"},"content":{"rendered":"<p>Kaustisen Pohjan-Veikkojen uudet seura-asut l\u00f6ytyv\u00e4t seuraavan linkin kautta. Mallisto kattaa koko seuran puitteet.<\/p>\n<p>Urheilutalolle on saapunut kokomallisto, kokoluokkia on laajasti, joten jokaiselle pit\u00e4isi l\u00f6yty\u00e4 oma sopiva.<br \/>\nKun olet p\u00e4\u00e4ssyt yksimielisyyteen oikeasta koosta, kannattaa tarkemmin tarkastella mallistoa ja sitten tehd\u00e4 tilaus sille tarkoitetulle lomakkeelle.<\/p>\n<p>Sovittaminen on mahdollista seuraavina ajankohtina. (seuravastaava paikalla)<br \/>\n26.3.2016 klo 14 &#8211; 16<br \/>\n31.3.2016 klo 15 &#8211; 17<br \/>\n4.4.2016 klo 16 &#8211; 18<\/p>\n<p>Sovittaminen mahdollista my\u00f6s muulloin, mutta siit\u00e4 sovittava erikseen.<\/p>\n<p>Ensimm\u00e4inen tilaus l\u00e4htee 5.4.2016, tilausaika 6-8 viikkoa tilauksesta.<\/p>\n<p>YU Kilpailu-asu lis\u00e4ykseen tulee naisille toppi. Ne saapuvat viikon p\u00e4\u00e4st\u00e4&#8230;<\/p>\n<p>Muutama muukin tuotenimi lis\u00e4tty tilauslomakkeeseen.<\/p>\n<p>Nyt jokainen vain testailemaan asua, jotta saa saa tilauksen tehty\u00e4 ja asun k\u00e4ytt\u00f6\u00f6n t\u00e4lle kes\u00e4lle&#8230;<\/p>\n<p>T\u00e4ss\u00e4 linkki mallistoon:<\/p>\n<p><a href=\"https:\/\/drive.google.com\/folderview?id=0B1ztccQR9rupYW43ZUdqbC1VZ0U&#038;usp=sharing\" target=\"_blank\">Mallisto<\/a><\/p>\n<p>T\u00e4st\u00e4 p\u00e4\u00e4seet tilaamaan:<\/p>\n<p><a href=\"https:\/\/docs.google.com\/forms\/d\/1rQ3d58ChfYxzp8YBmBL7OsIiUBiurHwt9hAhJHRdVF4\/viewform?c=0&#038;w=1\" target=\"_blank\">Tilauslomake seura-asuille<\/a><\/p>\n","protected":false},"excerpt":{"rendered":"<p>Kaustisen Pohjan-Veikkojen uudet seura-asut l\u00f6ytyv\u00e4t seuraavan linkin kautta. Mallisto kattaa koko seuran puitteet. Urheilutalolle on saapunut kokomallisto, kokoluokkia on laajasti, joten jokaiselle pit\u00e4isi l\u00f6yty\u00e4 oma sopiva. Kun olet p\u00e4\u00e4ssyt yksimielisyyteen oikeasta koosta, kannattaa tarkemmin tarkastella mallistoa ja sitten tehd\u00e4 tilaus sille tarkoitetulle lomakkeelle. Sovittaminen on mahdollista seuraavina ajankohtina. (seuravastaava paikalla) 26.3.2016 klo 14 &#8211; 16 [&hellip;]<\/p>\n","protected":false},"author":31,"featured_media":0,"comment_status":"open","ping_status":"open","sticky":true,"template":"","format":"standard","meta":{"footnotes":""},"categories":[1],"tags":[],"class_list":["post-26822","post","type-post","status-publish","format-standard","hentry","category-yleinen"],"_links":{"self":[{"href":"https:\/\/veikot2.kaustinen.fi\/index.php?rest_route=\/wp\/v2\/posts\/26822","targetHints":{"allow":["GET"]}}],"collection":[{"href":"https:\/\/veikot2.kaustinen.fi\/index.php?rest_route=\/wp\/v2\/posts"}],"about":[{"href":"https:\/\/veikot2.kaustinen.fi\/index.php?rest_route=\/wp\/v2\/types\/post"}],"author":[{"embeddable":true,"href":"https:\/\/veikot2.kaustinen.fi\/index.php?rest_route=\/wp\/v2\/users\/31"}],"replies":[{"embeddable":true,"href":"https:\/\/veikot2.kaustinen.fi\/index.php?rest_route=%2Fwp%2Fv2%2Fcomments&post=26822"}],"version-history":[{"count":7,"href":"https:\/\/veikot2.kaustinen.fi\/index.php?rest_route=\/wp\/v2\/posts\/26822\/revisions"}],"predecessor-version":[{"id":26849,"href":"https:\/\/veikot2.kaustinen.fi\/index.php?rest_route=\/wp\/v2\/posts\/26822\/revisions\/26849"}],"wp:attachment":[{"href":"https:\/\/veikot2.kaustinen.fi\/index.php?rest_route=%2Fwp%2Fv2%2Fmedia&parent=26822"}],"wp:term":[{"taxonomy":"category","embeddable":true,"href":"https:\/\/veikot2.kaustinen.fi\/index.php?rest_route=%2Fwp%2Fv2%2Fcategories&post=26822"},{"taxonomy":"post_tag","embeddable":true,"href":"https:\/\/veikot2.kaustinen.fi\/index.php?rest_route=%2Fwp%2Fv2%2Ftags&post=26822"}],"curies":[{"name":"wp","href":"https:\/\/api.w.org\/{rel}","templated":true}]}}